{"id":1051,"date":"2011-10-29T17:27:57","date_gmt":"2011-10-29T14:27:57","guid":{"rendered":"http:\/\/jannemiettinen.fi\/wedding-blog\/blogi\/?p=1051"},"modified":"2013-03-31T10:30:17","modified_gmt":"2013-03-31T10:30:17","slug":"iidan-ja-kallen-haat-juhlapaikkana-villa-meri","status":"publish","type":"post","link":"https:\/\/jannemiettinen.fi\/wedding-blog\/blogi\/iidan-ja-kallen-haat-juhlapaikkana-villa-meri\/","title":{"rendered":"Idan ja Kallen h\u00e4\u00e4t | Juhlapaikkana Villa Meri"},"content":{"rendered":"<p>Loppukes\u00e4st\u00e4 h\u00e4it\u00e4\u00e4n viett\u00e4neet Ida ja Kalle olivat panostaneet h\u00e4iss\u00e4\u00e4n erityisesti ruokaan ja tunnelmaan. Kallen vanhemmat omistavat ravintolan, jonka henkil\u00f6kunta oli valmistanut kaikki upeat h\u00e4\u00e4tarjoilut heid\u00e4n h\u00e4ihins\u00e4. Villa Meri oli koristeltu tyylikk\u00e4\u00e4sti ja runsaasti kukkia k\u00e4ytt\u00e4m\u00e4ll\u00e4. Orkideat olivat p\u00e4\u00e4osassa, ja ne olivat n\u00e4iden h\u00e4iden v\u00e4rimaailmaan t\u00e4ydellisesti sopivia.<br \/>\n<center><img loading=\"lazy\" decoding=\"async\" src=\"https:\/\/jannemiettinen.fi\/wedding-blog\/blogi\/wp-content\/uploads\/2011\/10\/DSC_3054.jpg\" class=\"pp-insert-all size-full aligncenter\" width=\"814\" height=\"548\" alt=\"\" \/><img loading=\"lazy\" decoding=\"async\" src=\"https:\/\/jannemiettinen.fi\/wedding-blog\/blogi\/wp-content\/uploads\/2011\/10\/DSC_3094.jpg\" class=\"pp-insert-all size-full aligncenter\" width=\"814\" height=\"545\" alt=\"\" \/><img loading=\"lazy\" decoding=\"async\" src=\"https:\/\/jannemiettinen.fi\/wedding-blog\/blogi\/wp-content\/uploads\/2011\/10\/DSC_3098.jpg\" class=\"pp-insert-all size-full aligncenter\" width=\"814\" height=\"548\" alt=\"\" \/><img loading=\"lazy\" decoding=\"async\" src=\"https:\/\/jannemiettinen.fi\/wedding-blog\/blogi\/wp-content\/uploads\/2011\/10\/DSC_3291.jpg\" class=\"pp-insert-all size-full aligncenter\" width=\"814\" height=\"548\" alt=\"\" \/><img loading=\"lazy\" decoding=\"async\" src=\"https:\/\/jannemiettinen.fi\/wedding-blog\/blogi\/wp-content\/uploads\/2011\/10\/DSC_3306.jpg\" class=\"pp-insert-all size-full aligncenter\" width=\"814\" height=\"548\" alt=\"\" \/><img loading=\"lazy\" decoding=\"async\" src=\"https:\/\/jannemiettinen.fi\/wedding-blog\/blogi\/wp-content\/uploads\/2011\/10\/DSC_3326.jpg\" class=\"pp-insert-all size-full aligncenter\" width=\"814\" height=\"548\" alt=\"\" \/><img loading=\"lazy\" decoding=\"async\" src=\"https:\/\/jannemiettinen.fi\/wedding-blog\/blogi\/wp-content\/uploads\/2011\/10\/DSC_3340.jpg\" class=\"pp-insert-all size-full aligncenter\" width=\"814\" height=\"548\" alt=\"\" \/><img loading=\"lazy\" decoding=\"async\" src=\"https:\/\/jannemiettinen.fi\/wedding-blog\/blogi\/wp-content\/uploads\/2011\/10\/DSC_3459.jpg\" class=\"pp-insert-all size-full aligncenter\" width=\"814\" height=\"549\" alt=\"\" \/><img loading=\"lazy\" decoding=\"async\" src=\"https:\/\/jannemiettinen.fi\/wedding-blog\/blogi\/wp-content\/uploads\/2011\/10\/DSC_3458.jpg\" class=\"pp-insert-all size-full aligncenter\" width=\"814\" height=\"545\" alt=\"\" \/><img loading=\"lazy\" decoding=\"async\" src=\"https:\/\/jannemiettinen.fi\/wedding-blog\/blogi\/wp-content\/uploads\/2011\/10\/DSC_3743.jpg\" class=\"pp-insert-all size-full aligncenter\" width=\"814\" height=\"548\" alt=\"\" \/><img loading=\"lazy\" decoding=\"async\" src=\"https:\/\/jannemiettinen.fi\/wedding-blog\/blogi\/wp-content\/uploads\/2011\/10\/DSC_4620.jpg\" class=\"pp-insert-all size-full aligncenter\" width=\"814\" height=\"548\" alt=\"\" \/><img loading=\"lazy\" decoding=\"async\" src=\"https:\/\/jannemiettinen.fi\/wedding-blog\/blogi\/wp-content\/uploads\/2011\/10\/DSC_4639.jpg\" class=\"pp-insert-all size-full aligncenter\" width=\"814\" height=\"548\" alt=\"\" \/><img loading=\"lazy\" decoding=\"async\" src=\"https:\/\/jannemiettinen.fi\/wedding-blog\/blogi\/wp-content\/uploads\/2011\/10\/DSC_4215.jpg\" class=\"pp-insert-all size-full aligncenter\" width=\"814\" height=\"548\" alt=\"\" \/><img loading=\"lazy\" decoding=\"async\" src=\"https:\/\/jannemiettinen.fi\/wedding-blog\/blogi\/wp-content\/uploads\/2011\/10\/DSC_4553.jpg\" class=\"pp-insert-all size-full aligncenter\" width=\"814\" height=\"548\" alt=\"\" \/><img loading=\"lazy\" decoding=\"async\" src=\"https:\/\/jannemiettinen.fi\/wedding-blog\/blogi\/wp-content\/uploads\/2011\/10\/DSC_4603.jpg\" class=\"pp-insert-all size-full aligncenter\" width=\"814\" height=\"544\" alt=\"\" \/><img loading=\"lazy\" decoding=\"async\" src=\"https:\/\/jannemiettinen.fi\/wedding-blog\/blogi\/wp-content\/uploads\/2011\/10\/DSC_4763.jpg\" class=\"pp-insert-all size-full aligncenter\" width=\"814\" height=\"548\" alt=\"\" \/><img loading=\"lazy\" decoding=\"async\" src=\"https:\/\/jannemiettinen.fi\/wedding-blog\/blogi\/wp-content\/uploads\/2011\/10\/DSC_4794.jpg\" class=\"pp-insert-all size-full aligncenter\" width=\"814\" height=\"548\" alt=\"\" \/><img loading=\"lazy\" decoding=\"async\" src=\"https:\/\/jannemiettinen.fi\/wedding-blog\/blogi\/wp-content\/uploads\/2011\/10\/DSC_4812.jpg\" class=\"pp-insert-all size-full aligncenter\" width=\"814\" height=\"548\" alt=\"\" \/><img loading=\"lazy\" decoding=\"async\" src=\"https:\/\/jannemiettinen.fi\/wedding-blog\/blogi\/wp-content\/uploads\/2011\/10\/DSC_4837.jpg\" class=\"pp-insert-all size-full aligncenter\" width=\"814\" height=\"545\" alt=\"\" \/><img loading=\"lazy\" decoding=\"async\" src=\"https:\/\/jannemiettinen.fi\/wedding-blog\/blogi\/wp-content\/uploads\/2011\/10\/DSC_4944.jpg\" class=\"pp-insert-all size-full aligncenter\" width=\"814\" height=\"548\" alt=\"\" \/><img loading=\"lazy\" decoding=\"async\" src=\"https:\/\/jannemiettinen.fi\/wedding-blog\/blogi\/wp-content\/uploads\/2011\/10\/DSC_5177.jpg\" class=\"pp-insert-all size-full aligncenter\" width=\"814\" height=\"545\" alt=\"\" \/><img loading=\"lazy\" decoding=\"async\" src=\"https:\/\/jannemiettinen.fi\/wedding-blog\/blogi\/wp-content\/uploads\/2011\/10\/DSC_5209.jpg\" class=\"pp-insert-all size-full aligncenter\" width=\"814\" height=\"548\" alt=\"\" \/><img loading=\"lazy\" decoding=\"async\" src=\"https:\/\/jannemiettinen.fi\/wedding-blog\/blogi\/wp-content\/uploads\/2011\/10\/DSC_5252.jpg\" class=\"pp-insert-all size-full aligncenter\" width=\"814\" height=\"548\" alt=\"\" \/><img loading=\"lazy\" decoding=\"async\" src=\"https:\/\/jannemiettinen.fi\/wedding-blog\/blogi\/wp-content\/uploads\/2011\/10\/xDSC_3610sp.jpg\" class=\"pp-insert-all size-full aligncenter\" width=\"814\" height=\"548\" alt=\"\" \/><img loading=\"lazy\" decoding=\"async\" src=\"https:\/\/jannemiettinen.fi\/wedding-blog\/blogi\/wp-content\/uploads\/2011\/10\/xDSC_3649.jpg\" class=\"pp-insert-all size-full aligncenter\" width=\"814\" height=\"548\" alt=\"\" \/><img loading=\"lazy\" decoding=\"async\" src=\"https:\/\/jannemiettinen.fi\/wedding-blog\/blogi\/wp-content\/uploads\/2011\/10\/xDSC_3691.jpg\" class=\"pp-insert-all size-full aligncenter\" width=\"814\" height=\"548\" alt=\"\" \/><\/center><br \/>\n&nbsp;<\/p>\n","protected":false},"excerpt":{"rendered":"<p>Loppukes\u00e4st\u00e4 h\u00e4it\u00e4\u00e4n viett\u00e4neet Ida ja Kalle olivat panostaneet h\u00e4iss\u00e4\u00e4n erityisesti ruokaan ja tunnelmaan. Kallen vanhemmat omistavat ravintolan, jonka henkil\u00f6kunta oli valmistanut kaikki upeat h\u00e4\u00e4tarjoilut heid\u00e4n h\u00e4ihins\u00e4. Villa Meri oli koristeltu<\/p>\n<p class=\"more-link\"><a href=\"https:\/\/jannemiettinen.fi\/wedding-blog\/blogi\/iidan-ja-kallen-haat-juhlapaikkana-villa-meri\/\" class=\"readmore\">Continue reading<svg class=\"icon icon-arrow-right\" aria-hidden=\"true\" role=\"img\"> <use href=\"#icon-arrow-right\" xlink:href=\"#icon-arrow-right\"><\/use> <\/svg><span class=\"screen-reader-text\">Idan ja Kallen h\u00e4\u00e4t | Juhlapaikkana Villa Meri<\/span><\/a><\/p>\n","protected":false},"author":1,"featured_media":0,"comment_status":"open","ping_status":"closed","sticky":false,"template":"","format":"standard","meta":{"footnotes":""},"categories":[3],"tags":[10],"class_list":["post-1051","post","type-post","status-publish","format-standard","hentry","category-haakuvat","tag-haakuvia"],"_links":{"self":[{"href":"https:\/\/jannemiettinen.fi\/wedding-blog\/blogi\/wp-json\/wp\/v2\/posts\/1051","targetHints":{"allow":["GET"]}}],"collection":[{"href":"https:\/\/jannemiettinen.fi\/wedding-blog\/blogi\/wp-json\/wp\/v2\/posts"}],"about":[{"href":"https:\/\/jannemiettinen.fi\/wedding-blog\/blogi\/wp-json\/wp\/v2\/types\/post"}],"author":[{"embeddable":true,"href":"https:\/\/jannemiettinen.fi\/wedding-blog\/blogi\/wp-json\/wp\/v2\/users\/1"}],"replies":[{"embeddable":true,"href":"https:\/\/jannemiettinen.fi\/wedding-blog\/blogi\/wp-json\/wp\/v2\/comments?post=1051"}],"version-history":[{"count":0,"href":"https:\/\/jannemiettinen.fi\/wedding-blog\/blogi\/wp-json\/wp\/v2\/posts\/1051\/revisions"}],"wp:attachment":[{"href":"https:\/\/jannemiettinen.fi\/wedding-blog\/blogi\/wp-json\/wp\/v2\/media?parent=1051"}],"wp:term":[{"taxonomy":"category","embeddable":true,"href":"https:\/\/jannemiettinen.fi\/wedding-blog\/blogi\/wp-json\/wp\/v2\/categories?post=1051"},{"taxonomy":"post_tag","embeddable":true,"href":"https:\/\/jannemiettinen.fi\/wedding-blog\/blogi\/wp-json\/wp\/v2\/tags?post=1051"}],"curies":[{"name":"wp","href":"https:\/\/api.w.org\/{rel}","templated":true}]}}