{"id":1142,"date":"2011-08-20T10:06:23","date_gmt":"2011-08-20T10:06:23","guid":{"rendered":"http:\/\/jannemiettinen.fi\/wedding-blog\/blogi\/?p=1142"},"modified":"2014-07-02T09:22:09","modified_gmt":"2014-07-02T09:22:09","slug":"tunnelmalliset-talvihaat-mia-tomi","status":"publish","type":"post","link":"https:\/\/jannemiettinen.fi\/wedding-blog\/blogi\/tunnelmalliset-talvihaat-mia-tomi\/","title":{"rendered":"Kauniit talvih\u00e4\u00e4t &#8211; Mia &#038; Tomi"},"content":{"rendered":"<p>Mian ja Tomin talvih\u00e4\u00e4t olivat kaikin puolin todella upeat! Koristelut oli tehty huolella ja Kauniaisten Uusi Paviljonki oli t\u00e4ynn\u00e4 talvitunnelmaa.<\/p>\n<p>H\u00e4\u00e4potretit kuvattiin h\u00e4iden j\u00e4lkeen ja n\u00e4iss\u00e4 kuvauksissa oli todella hauskaa! Mia ja Tomi olivat ideoineet jo etuk\u00e4teen millaisia kuvia haluaisivat. Kiersimme Helsingiss\u00e4 useammassakin paikassa, kuten Talvipuutarhalla sek\u00e4 Esplanadilla. Sen lis\u00e4ksi aivan kuvausten loppuvaiheilla satuimme l\u00f6yt\u00e4m\u00e4\u00e4n raitiovaunumuseon, jossa otimmekin kuvia raitoivaunujen sis\u00e4ll\u00e4.\u00a0 Viimeinen kuva, joka on otettu todella vanhan raitiovaunun sis\u00e4ll\u00e4, onkin yksi omista menneen talven suosikkikuvistani.<\/p>\n<p>&nbsp;<\/p>\n<p><center><img loading=\"lazy\" decoding=\"async\" class=\"alignnone size-full wp-image-1296\" src=\"https:\/\/jannemiettinen.fi\/wedding-blog\/blogi\/wp-content\/uploads\/2012\/04\/DSC_6826.jpg\" alt=\"Talvih\u00e4\u00e4t (1)\" width=\"814\" height=\"563\" srcset=\"https:\/\/jannemiettinen.fi\/wedding-blog\/blogi\/wp-content\/uploads\/2012\/04\/DSC_6826.jpg 814w, https:\/\/jannemiettinen.fi\/wedding-blog\/blogi\/wp-content\/uploads\/2012\/04\/DSC_6826-300x207.jpg 300w\" sizes=\"auto, (max-width: 814px) 100vw, 814px\" \/><br \/>\n<img loading=\"lazy\" decoding=\"async\" class=\"alignnone size-full wp-image-1295\" src=\"https:\/\/jannemiettinen.fi\/wedding-blog\/blogi\/wp-content\/uploads\/2012\/04\/DSC_6800.jpg\" alt=\"Talvih\u00e4\u00e4t (2)\" width=\"814\" height=\"563\" \/><br \/>\n<img loading=\"lazy\" decoding=\"async\" class=\"alignnone size-full wp-image-1297\" src=\"https:\/\/jannemiettinen.fi\/wedding-blog\/blogi\/wp-content\/uploads\/2012\/04\/DSC_6830.jpg\" alt=\"Talvih\u00e4\u00e4t (3)\" width=\"814\" height=\"563\" \/><br \/>\n<img loading=\"lazy\" decoding=\"async\" class=\"alignnone size-full wp-image-1299\" src=\"https:\/\/jannemiettinen.fi\/wedding-blog\/blogi\/wp-content\/uploads\/2012\/04\/DSC_6852.jpg\" alt=\"Talvih\u00e4\u00e4t (4)\" width=\"814\" height=\"563\" \/><br \/>\n<img loading=\"lazy\" decoding=\"async\" class=\"alignnone size-full wp-image-1298\" src=\"https:\/\/jannemiettinen.fi\/wedding-blog\/blogi\/wp-content\/uploads\/2012\/04\/DSC_6849.jpg\" alt=\"Talvih\u00e4\u00e4t (5)\" width=\"814\" height=\"563\" \/><br \/>\n<img loading=\"lazy\" decoding=\"async\" class=\"alignnone size-full wp-image-1300\" src=\"https:\/\/jannemiettinen.fi\/wedding-blog\/blogi\/wp-content\/uploads\/2012\/04\/DSC_6866.jpg\" alt=\"Talvih\u00e4\u00e4t (6)\" width=\"814\" height=\"563\" \/><br \/>\n<img loading=\"lazy\" decoding=\"async\" class=\"alignnone size-full wp-image-1278\" src=\"https:\/\/jannemiettinen.fi\/wedding-blog\/blogi\/wp-content\/uploads\/2012\/04\/DSC_6880.jpg\" alt=\"Talvih\u00e4\u00e4t (7)\" width=\"814\" height=\"563\" \/><br \/>\n<img loading=\"lazy\" decoding=\"async\" class=\"alignnone size-full wp-image-1279\" src=\"https:\/\/jannemiettinen.fi\/wedding-blog\/blogi\/wp-content\/uploads\/2012\/04\/DSC_7025.jpg\" alt=\"Talvih\u00e4\u00e4t (9)\" width=\"814\" height=\"563\" \/><br \/>\n<img loading=\"lazy\" decoding=\"async\" src=\"https:\/\/jannemiettinen.fi\/wedding-blog\/blogi\/wp-content\/uploads\/2012\/04\/DSC_7031.jpg\" alt=\"Talvih\u00e4\u00e4t (8)\" width=\"814\" height=\"563\" \/><br \/>\n<img loading=\"lazy\" decoding=\"async\" class=\"alignnone size-full wp-image-1281\" src=\"https:\/\/jannemiettinen.fi\/wedding-blog\/blogi\/wp-content\/uploads\/2012\/04\/DSC_7069.jpg\" alt=\"Talvih\u00e4\u00e4t (11)\" width=\"814\" height=\"563\" \/><br \/>\n<img loading=\"lazy\" decoding=\"async\" class=\"alignnone size-full wp-image-1282\" src=\"https:\/\/jannemiettinen.fi\/wedding-blog\/blogi\/wp-content\/uploads\/2012\/04\/DSC_7076.jpg\" alt=\"Talvih\u00e4\u00e4t (10)\" width=\"814\" height=\"563\" \/><br \/>\n<img loading=\"lazy\" decoding=\"async\" class=\"alignnone size-full wp-image-1284\" src=\"https:\/\/jannemiettinen.fi\/wedding-blog\/blogi\/wp-content\/uploads\/2012\/04\/DSC_7790.jpg\" alt=\"Talvih\u00e4\u00e4t (12)\" width=\"814\" height=\"563\" \/><br \/>\n<img loading=\"lazy\" decoding=\"async\" class=\"alignnone size-full wp-image-1283\" src=\"https:\/\/jannemiettinen.fi\/wedding-blog\/blogi\/wp-content\/uploads\/2012\/04\/DSC_7616.jpg\" alt=\"Talvih\u00e4\u00e4t (13)\" width=\"814\" height=\"563\" \/><br \/>\n<img loading=\"lazy\" decoding=\"async\" class=\"alignnone size-full wp-image-1285\" src=\"https:\/\/jannemiettinen.fi\/wedding-blog\/blogi\/wp-content\/uploads\/2012\/04\/DSC_7865.jpg\" alt=\"Talvih\u00e4\u00e4t (14)\" width=\"814\" height=\"563\" \/><br \/>\n<img loading=\"lazy\" decoding=\"async\" class=\"alignnone size-full wp-image-1287\" src=\"https:\/\/jannemiettinen.fi\/wedding-blog\/blogi\/wp-content\/uploads\/2012\/04\/DSC_8114.jpg\" alt=\"Talvih\u00e4\u00e4t (15)\" width=\"814\" height=\"563\" \/><br \/>\n<img loading=\"lazy\" decoding=\"async\" class=\"alignnone size-full wp-image-1286\" src=\"https:\/\/jannemiettinen.fi\/wedding-blog\/blogi\/wp-content\/uploads\/2012\/04\/DSC_8086.jpg\" alt=\"Talvih\u00e4\u00e4t (16)\" width=\"814\" height=\"563\" \/><br \/>\n<img loading=\"lazy\" decoding=\"async\" class=\"alignnone size-full wp-image-1288\" src=\"https:\/\/jannemiettinen.fi\/wedding-blog\/blogi\/wp-content\/uploads\/2012\/04\/DSC_8298.jpg\" alt=\"Talvih\u00e4\u00e4t (17)\" width=\"814\" height=\"563\" \/><br \/>\n<img loading=\"lazy\" decoding=\"async\" class=\"alignnone size-full wp-image-1289\" src=\"https:\/\/jannemiettinen.fi\/wedding-blog\/blogi\/wp-content\/uploads\/2012\/04\/DSC_8342.jpg\" alt=\"Talvih\u00e4\u00e4t (18)\" width=\"814\" height=\"563\" \/><br \/>\n<img loading=\"lazy\" decoding=\"async\" class=\"alignnone size-full wp-image-1291\" src=\"https:\/\/jannemiettinen.fi\/wedding-blog\/blogi\/wp-content\/uploads\/2012\/04\/DSC_8388.jpg\" alt=\"Talvih\u00e4\u00e4t (19)\" width=\"814\" height=\"563\" \/><br \/>\n<img loading=\"lazy\" decoding=\"async\" class=\"alignnone size-full wp-image-1290\" src=\"https:\/\/jannemiettinen.fi\/wedding-blog\/blogi\/wp-content\/uploads\/2012\/04\/DSC_8381.jpg\" alt=\"Talvih\u00e4\u00e4t (20)\" width=\"814\" height=\"563\" \/><br \/>\n<img loading=\"lazy\" decoding=\"async\" class=\"alignnone size-full wp-image-1293\" src=\"https:\/\/jannemiettinen.fi\/wedding-blog\/blogi\/wp-content\/uploads\/2012\/04\/xDSC_1659.jpg\" alt=\"Talvih\u00e4\u00e4t (21)\" width=\"814\" height=\"563\" \/><br \/>\n<img loading=\"lazy\" decoding=\"async\" class=\"alignnone size-full wp-image-1294\" src=\"https:\/\/jannemiettinen.fi\/wedding-blog\/blogi\/wp-content\/uploads\/2012\/04\/xDSC_1713.jpg\" alt=\"Talvih\u00e4\u00e4t (22)\" width=\"814\" height=\"563\" \/><br \/>\n<img loading=\"lazy\" decoding=\"async\" class=\"alignnone size-full wp-image-1292\" src=\"https:\/\/jannemiettinen.fi\/wedding-blog\/blogi\/wp-content\/uploads\/2012\/04\/edDSC_1943.jpg\" alt=\"Talvih\u00e4\u00e4t (23)\" width=\"814\" height=\"563\" \/><\/center><\/p>\n<p>&nbsp;<\/p>\n","protected":false},"excerpt":{"rendered":"<p>Mian ja Tomin talvih\u00e4\u00e4t olivat kaikin puolin todella upeat! Koristelut oli tehty huolella ja Kauniaisten Uusi Paviljonki oli t\u00e4ynn\u00e4 talvitunnelmaa. H\u00e4\u00e4potretit kuvattiin h\u00e4iden j\u00e4lkeen ja n\u00e4iss\u00e4 kuvauksissa oli todella hauskaa!<\/p>\n<p class=\"more-link\"><a href=\"https:\/\/jannemiettinen.fi\/wedding-blog\/blogi\/tunnelmalliset-talvihaat-mia-tomi\/\" class=\"readmore\">Continue reading<svg class=\"icon icon-arrow-right\" aria-hidden=\"true\" role=\"img\"> <use href=\"#icon-arrow-right\" xlink:href=\"#icon-arrow-right\"><\/use> <\/svg><span class=\"screen-reader-text\">Kauniit talvih\u00e4\u00e4t &#8211; Mia &#038; Tomi<\/span><\/a><\/p>\n","protected":false},"author":1,"featured_media":0,"comment_status":"open","ping_status":"closed","sticky":false,"template":"","format":"standard","meta":{"footnotes":""},"categories":[3],"tags":[50,25],"class_list":["post-1142","post","type-post","status-publish","format-standard","hentry","category-haakuvat","tag-kauniaisten-uusi-paviljonki","tag-talvihaat"],"_links":{"self":[{"href":"https:\/\/jannemiettinen.fi\/wedding-blog\/blogi\/wp-json\/wp\/v2\/posts\/1142","targetHints":{"allow":["GET"]}}],"collection":[{"href":"https:\/\/jannemiettinen.fi\/wedding-blog\/blogi\/wp-json\/wp\/v2\/posts"}],"about":[{"href":"https:\/\/jannemiettinen.fi\/wedding-blog\/blogi\/wp-json\/wp\/v2\/types\/post"}],"author":[{"embeddable":true,"href":"https:\/\/jannemiettinen.fi\/wedding-blog\/blogi\/wp-json\/wp\/v2\/users\/1"}],"replies":[{"embeddable":true,"href":"https:\/\/jannemiettinen.fi\/wedding-blog\/blogi\/wp-json\/wp\/v2\/comments?post=1142"}],"version-history":[{"count":0,"href":"https:\/\/jannemiettinen.fi\/wedding-blog\/blogi\/wp-json\/wp\/v2\/posts\/1142\/revisions"}],"wp:attachment":[{"href":"https:\/\/jannemiettinen.fi\/wedding-blog\/blogi\/wp-json\/wp\/v2\/media?parent=1142"}],"wp:term":[{"taxonomy":"category","embeddable":true,"href":"https:\/\/jannemiettinen.fi\/wedding-blog\/blogi\/wp-json\/wp\/v2\/categories?post=1142"},{"taxonomy":"post_tag","embeddable":true,"href":"https:\/\/jannemiettinen.fi\/wedding-blog\/blogi\/wp-json\/wp\/v2\/tags?post=1142"}],"curies":[{"name":"wp","href":"https:\/\/api.w.org\/{rel}","templated":true}]}}