{"id":1327,"date":"2011-08-19T09:44:07","date_gmt":"2011-08-19T09:44:07","guid":{"rendered":"http:\/\/jannemiettinen.fi\/wedding-blog\/blogi\/?p=1327"},"modified":"2011-08-19T09:44:07","modified_gmt":"2011-08-19T09:44:07","slug":"riinan-ja-juhan-tunnelmalliset-talvihaat-agroksenmaen-holvikellari","status":"publish","type":"post","link":"https:\/\/jannemiettinen.fi\/wedding-blog\/blogi\/riinan-ja-juhan-tunnelmalliset-talvihaat-agroksenmaen-holvikellari\/","title":{"rendered":"Riinan ja Juhan tunnelmalliset talvih\u00e4\u00e4t | Agroksenm\u00e4en holvikellari"},"content":{"rendered":"<p>Agroksenm\u00e4en holvikellari osoitti j\u00e4lleen kerran kuuluvansa juhlapaikkojen k\u00e4rkikastiin talvih\u00e4iden viettopaikkana. Riina ja Juha olivat loihtineet valoilla ja koristeluilla paikan todella upean n\u00e4k\u00f6iseksi! Alla on muutama maistiainen n\u00e4ist\u00e4 talvisista ja tunnelmallisista hiihtolomien aikaan vietetyist\u00e4 h\u00e4ist\u00e4.<\/p>\n<p>&nbsp;<\/p>\n<p><img loading=\"lazy\" decoding=\"async\" class=\"aligncenter size-full wp-image-1330\" title=\"DSC_9011\" src=\"https:\/\/jannemiettinen.fi\/wedding-blog\/blogi\/wp-content\/uploads\/2012\/06\/DSC_9011.jpg\" alt=\"\" width=\"814\" height=\"563\" srcset=\"https:\/\/jannemiettinen.fi\/wedding-blog\/blogi\/wp-content\/uploads\/2012\/06\/DSC_9011.jpg 814w, https:\/\/jannemiettinen.fi\/wedding-blog\/blogi\/wp-content\/uploads\/2012\/06\/DSC_9011-300x207.jpg 300w\" sizes=\"auto, (max-width: 814px) 100vw, 814px\" \/><img loading=\"lazy\" decoding=\"async\" class=\"aligncenter size-full wp-image-1332\" title=\"DSC_9185\" src=\"https:\/\/jannemiettinen.fi\/wedding-blog\/blogi\/wp-content\/uploads\/2012\/06\/DSC_9185.jpg\" alt=\"\" width=\"814\" height=\"563\" \/><img loading=\"lazy\" decoding=\"async\" class=\"aligncenter size-full wp-image-1333\" title=\"DSC_9242\" src=\"https:\/\/jannemiettinen.fi\/wedding-blog\/blogi\/wp-content\/uploads\/2012\/06\/DSC_9242.jpg\" alt=\"\" width=\"814\" height=\"563\" \/><img loading=\"lazy\" decoding=\"async\" class=\"aligncenter size-full wp-image-1331\" title=\"DSC_9075\" src=\"https:\/\/jannemiettinen.fi\/wedding-blog\/blogi\/wp-content\/uploads\/2012\/06\/DSC_9075.jpg\" alt=\"\" width=\"814\" height=\"563\" \/><img loading=\"lazy\" decoding=\"async\" class=\"aligncenter size-full wp-image-1335\" title=\"DSC_9277\" src=\"https:\/\/jannemiettinen.fi\/wedding-blog\/blogi\/wp-content\/uploads\/2012\/06\/DSC_9277.jpg\" alt=\"\" width=\"814\" height=\"563\" \/><img loading=\"lazy\" decoding=\"async\" class=\"aligncenter size-full wp-image-1336\" title=\"DSC_9302\" src=\"https:\/\/jannemiettinen.fi\/wedding-blog\/blogi\/wp-content\/uploads\/2012\/06\/DSC_9302.jpg\" alt=\"\" width=\"814\" height=\"563\" \/><img loading=\"lazy\" decoding=\"async\" class=\"aligncenter size-full wp-image-1337\" title=\"DSC_9349\" src=\"https:\/\/jannemiettinen.fi\/wedding-blog\/blogi\/wp-content\/uploads\/2012\/06\/DSC_9349.jpg\" alt=\"\" width=\"814\" height=\"563\" \/><img loading=\"lazy\" decoding=\"async\" class=\"aligncenter size-full wp-image-1338\" title=\"DSC_9391\" src=\"https:\/\/jannemiettinen.fi\/wedding-blog\/blogi\/wp-content\/uploads\/2012\/06\/DSC_9391.jpg\" alt=\"\" width=\"814\" height=\"563\" \/><img loading=\"lazy\" decoding=\"async\" class=\"aligncenter size-full wp-image-1340\" title=\"DSC_9477\" src=\"https:\/\/jannemiettinen.fi\/wedding-blog\/blogi\/wp-content\/uploads\/2012\/06\/DSC_9477.jpg\" alt=\"\" width=\"814\" height=\"563\" \/><img loading=\"lazy\" decoding=\"async\" class=\"aligncenter size-full wp-image-1342\" title=\"DSC_9853\" src=\"https:\/\/jannemiettinen.fi\/wedding-blog\/blogi\/wp-content\/uploads\/2012\/06\/DSC_9853.jpg\" alt=\"\" width=\"814\" height=\"563\" \/><img loading=\"lazy\" decoding=\"async\" class=\"aligncenter size-full wp-image-1343\" title=\"fDSC_0187\" src=\"https:\/\/jannemiettinen.fi\/wedding-blog\/blogi\/wp-content\/uploads\/2012\/06\/fDSC_0187.jpg\" alt=\"\" width=\"814\" height=\"563\" \/><img loading=\"lazy\" decoding=\"async\" class=\"aligncenter size-full wp-image-1345\" title=\"fDSC_0264\" src=\"https:\/\/jannemiettinen.fi\/wedding-blog\/blogi\/wp-content\/uploads\/2012\/06\/fDSC_0264.jpg\" alt=\"\" width=\"814\" height=\"563\" \/><img loading=\"lazy\" decoding=\"async\" class=\"aligncenter size-full wp-image-1347\" title=\"fDSC_0619\" src=\"https:\/\/jannemiettinen.fi\/wedding-blog\/blogi\/wp-content\/uploads\/2012\/06\/fDSC_0619.jpg\" alt=\"\" width=\"814\" height=\"563\" \/><img loading=\"lazy\" decoding=\"async\" class=\"aligncenter size-full wp-image-1349\" title=\"fDSC_1036\" src=\"https:\/\/jannemiettinen.fi\/wedding-blog\/blogi\/wp-content\/uploads\/2012\/06\/fDSC_1036.jpg\" alt=\"\" width=\"814\" height=\"563\" \/><img loading=\"lazy\" decoding=\"async\" class=\"aligncenter size-full wp-image-1351\" title=\"fDSC_1186\" src=\"https:\/\/jannemiettinen.fi\/wedding-blog\/blogi\/wp-content\/uploads\/2012\/06\/fDSC_1186.jpg\" alt=\"\" width=\"814\" height=\"563\" \/><img loading=\"lazy\" decoding=\"async\" class=\"aligncenter size-full wp-image-1344\" title=\"fDSC_0237\" src=\"https:\/\/jannemiettinen.fi\/wedding-blog\/blogi\/wp-content\/uploads\/2012\/06\/fDSC_0237.jpg\" alt=\"\" width=\"814\" height=\"563\" \/><img loading=\"lazy\" decoding=\"async\" class=\"aligncenter size-full wp-image-1348\" title=\"fDSC_0642\" src=\"https:\/\/jannemiettinen.fi\/wedding-blog\/blogi\/wp-content\/uploads\/2012\/06\/fDSC_0642.jpg\" alt=\"\" width=\"814\" height=\"563\" \/><img loading=\"lazy\" decoding=\"async\" class=\"aligncenter size-full wp-image-1352\" title=\"fDSC_1326\" src=\"https:\/\/jannemiettinen.fi\/wedding-blog\/blogi\/wp-content\/uploads\/2012\/06\/fDSC_1326.jpg\" alt=\"\" width=\"814\" height=\"563\" \/><img loading=\"lazy\" decoding=\"async\" class=\"aligncenter size-full wp-image-1346\" title=\"fDSC_0408\" src=\"https:\/\/jannemiettinen.fi\/wedding-blog\/blogi\/wp-content\/uploads\/2012\/06\/fDSC_0408.jpg\" alt=\"\" width=\"814\" height=\"563\" \/><\/p>\n","protected":false},"excerpt":{"rendered":"<p>Agroksenm\u00e4en holvikellari osoitti j\u00e4lleen kerran kuuluvansa juhlapaikkojen k\u00e4rkikastiin talvih\u00e4iden viettopaikkana. Riina ja Juha olivat loihtineet valoilla ja koristeluilla paikan todella upean n\u00e4k\u00f6iseksi! Alla on muutama maistiainen n\u00e4ist\u00e4 talvisista ja tunnelmallisista<\/p>\n<p class=\"more-link\"><a href=\"https:\/\/jannemiettinen.fi\/wedding-blog\/blogi\/riinan-ja-juhan-tunnelmalliset-talvihaat-agroksenmaen-holvikellari\/\" class=\"readmore\">Continue reading<svg class=\"icon icon-arrow-right\" aria-hidden=\"true\" role=\"img\"> <use href=\"#icon-arrow-right\" xlink:href=\"#icon-arrow-right\"><\/use> <\/svg><span class=\"screen-reader-text\">Riinan ja Juhan tunnelmalliset talvih\u00e4\u00e4t | Agroksenm\u00e4en holvikellari<\/span><\/a><\/p>\n","protected":false},"author":1,"featured_media":0,"comment_status":"open","ping_status":"closed","sticky":false,"template":"","format":"standard","meta":{"footnotes":""},"categories":[3],"tags":[4,14,25],"class_list":["post-1327","post","type-post","status-publish","format-standard","hentry","category-haakuvat","tag-agroksenmaen-holvikellari","tag-helsinki","tag-talvihaat"],"_links":{"self":[{"href":"https:\/\/jannemiettinen.fi\/wedding-blog\/blogi\/wp-json\/wp\/v2\/posts\/1327","targetHints":{"allow":["GET"]}}],"collection":[{"href":"https:\/\/jannemiettinen.fi\/wedding-blog\/blogi\/wp-json\/wp\/v2\/posts"}],"about":[{"href":"https:\/\/jannemiettinen.fi\/wedding-blog\/blogi\/wp-json\/wp\/v2\/types\/post"}],"author":[{"embeddable":true,"href":"https:\/\/jannemiettinen.fi\/wedding-blog\/blogi\/wp-json\/wp\/v2\/users\/1"}],"replies":[{"embeddable":true,"href":"https:\/\/jannemiettinen.fi\/wedding-blog\/blogi\/wp-json\/wp\/v2\/comments?post=1327"}],"version-history":[{"count":0,"href":"https:\/\/jannemiettinen.fi\/wedding-blog\/blogi\/wp-json\/wp\/v2\/posts\/1327\/revisions"}],"wp:attachment":[{"href":"https:\/\/jannemiettinen.fi\/wedding-blog\/blogi\/wp-json\/wp\/v2\/media?parent=1327"}],"wp:term":[{"taxonomy":"category","embeddable":true,"href":"https:\/\/jannemiettinen.fi\/wedding-blog\/blogi\/wp-json\/wp\/v2\/categories?post=1327"},{"taxonomy":"post_tag","embeddable":true,"href":"https:\/\/jannemiettinen.fi\/wedding-blog\/blogi\/wp-json\/wp\/v2\/tags?post=1327"}],"curies":[{"name":"wp","href":"https:\/\/api.w.org\/{rel}","templated":true}]}}