{"id":1821,"date":"2012-10-10T11:27:43","date_gmt":"2012-10-10T11:27:43","guid":{"rendered":"http:\/\/jannemiettinen.fi\/wedding-blog\/blogi\/?p=1821"},"modified":"2012-11-25T12:31:10","modified_gmt":"2012-11-25T12:31:10","slug":"sateinen-haakuva-loppukesalta-emma-matti","status":"publish","type":"post","link":"https:\/\/jannemiettinen.fi\/wedding-blog\/blogi\/sateinen-haakuva-loppukesalta-emma-matti\/","title":{"rendered":"Sateinen h\u00e4\u00e4kuva loppukes\u00e4lt\u00e4 | Emma &#038; Matti"},"content":{"rendered":"<p>Sade saattaa olla monen h\u00e4\u00e4parin suurin pelko h\u00e4\u00e4p\u00e4iv\u00e4n osalta, mutta kannattaa silti pit\u00e4\u00e4 mieless\u00e4 se seikka, ett\u00e4 sateesta saattaa joskus olla yll\u00e4tt\u00e4v\u00e4\u00e4 iloa h\u00e4\u00e4kuvien kannalta! Emma ja Matti vihittiin Helsingiss\u00e4 vain kahden todistajan l\u00e4sn\u00e4ollessa, jonka j\u00e4lkeen siirryimme kirkon viereiseen puistoon ottamaan h\u00e4\u00e4kuvia. Tunnelma heid\u00e4n kuvissaan on enemm\u00e4n kuin kohdallaan, vaikka olosuhteet sateen takia eiv\u00e4t olleetkaan helpoimmasta p\u00e4\u00e4st\u00e4. :)<br \/>\n<img loading=\"lazy\" decoding=\"async\" src=\"https:\/\/jannemiettinen.fi\/wedding-blog\/blogi\/wp-content\/uploads\/2012\/10\/edfDSC_0247.jpg\" alt=\"H\u00e4\u00e4kuva sateella\" title=\"H\u00e4\u00e4kuva sateella\" width=\"976\" height=\"656\" class=\"aligncenter size-full wp-image-1824\" srcset=\"https:\/\/jannemiettinen.fi\/wedding-blog\/blogi\/wp-content\/uploads\/2012\/10\/edfDSC_0247.jpg 976w, https:\/\/jannemiettinen.fi\/wedding-blog\/blogi\/wp-content\/uploads\/2012\/10\/edfDSC_0247-300x201.jpg 300w\" sizes=\"auto, (max-width: 976px) 100vw, 976px\" \/><\/p>\n","protected":false},"excerpt":{"rendered":"<p>Sade saattaa olla monen h\u00e4\u00e4parin suurin pelko h\u00e4\u00e4p\u00e4iv\u00e4n osalta, mutta kannattaa silti pit\u00e4\u00e4 mieless\u00e4 se seikka, ett\u00e4 sateesta saattaa joskus olla yll\u00e4tt\u00e4v\u00e4\u00e4 iloa h\u00e4\u00e4kuvien kannalta! Emma ja Matti vihittiin Helsingiss\u00e4<\/p>\n<p class=\"more-link\"><a href=\"https:\/\/jannemiettinen.fi\/wedding-blog\/blogi\/sateinen-haakuva-loppukesalta-emma-matti\/\" class=\"readmore\">Continue reading<svg class=\"icon icon-arrow-right\" aria-hidden=\"true\" role=\"img\"> <use href=\"#icon-arrow-right\" xlink:href=\"#icon-arrow-right\"><\/use> <\/svg><span class=\"screen-reader-text\">Sateinen h\u00e4\u00e4kuva loppukes\u00e4lt\u00e4 | Emma &#038; Matti<\/span><\/a><\/p>\n","protected":false},"author":1,"featured_media":0,"comment_status":"open","ping_status":"closed","sticky":false,"template":"","format":"standard","meta":{"footnotes":""},"categories":[3],"tags":[10,14],"class_list":["post-1821","post","type-post","status-publish","format-standard","hentry","category-haakuvat","tag-haakuvia","tag-helsinki"],"_links":{"self":[{"href":"https:\/\/jannemiettinen.fi\/wedding-blog\/blogi\/wp-json\/wp\/v2\/posts\/1821","targetHints":{"allow":["GET"]}}],"collection":[{"href":"https:\/\/jannemiettinen.fi\/wedding-blog\/blogi\/wp-json\/wp\/v2\/posts"}],"about":[{"href":"https:\/\/jannemiettinen.fi\/wedding-blog\/blogi\/wp-json\/wp\/v2\/types\/post"}],"author":[{"embeddable":true,"href":"https:\/\/jannemiettinen.fi\/wedding-blog\/blogi\/wp-json\/wp\/v2\/users\/1"}],"replies":[{"embeddable":true,"href":"https:\/\/jannemiettinen.fi\/wedding-blog\/blogi\/wp-json\/wp\/v2\/comments?post=1821"}],"version-history":[{"count":0,"href":"https:\/\/jannemiettinen.fi\/wedding-blog\/blogi\/wp-json\/wp\/v2\/posts\/1821\/revisions"}],"wp:attachment":[{"href":"https:\/\/jannemiettinen.fi\/wedding-blog\/blogi\/wp-json\/wp\/v2\/media?parent=1821"}],"wp:term":[{"taxonomy":"category","embeddable":true,"href":"https:\/\/jannemiettinen.fi\/wedding-blog\/blogi\/wp-json\/wp\/v2\/categories?post=1821"},{"taxonomy":"post_tag","embeddable":true,"href":"https:\/\/jannemiettinen.fi\/wedding-blog\/blogi\/wp-json\/wp\/v2\/tags?post=1821"}],"curies":[{"name":"wp","href":"https:\/\/api.w.org\/{rel}","templated":true}]}}