{"id":3753,"date":"2015-05-24T18:15:43","date_gmt":"2015-05-24T18:15:43","guid":{"rendered":"http:\/\/jannemiettinen.fi\/wedding-blog\/blogi\/?p=3753"},"modified":"2015-05-26T19:07:18","modified_gmt":"2015-05-26T19:07:18","slug":"emilia-jouni","status":"publish","type":"post","link":"https:\/\/jannemiettinen.fi\/wedding-blog\/blogi\/emilia-jouni\/","title":{"rendered":"Emilia &#038; Jouni"},"content":{"rendered":"<p>Eilen vietettiin Emilian ja Jounin h\u00e4it\u00e4 H\u00e4meenkyl\u00e4ss\u00e4 Vantaalla. Iltap\u00e4iv\u00e4ll\u00e4 sattui tulemaan vett\u00e4 yhden sadekuuron verran, jonka aikana menimme ottamaan muutamat potretit juhlapaikan pihalle. Omasta mielest\u00e4ni t\u00e4m\u00e4 kuva, jossa h\u00e4\u00e4pari on kahdestaan rauhallisena keskell\u00e4 rankkaa vesisadetta, on tunnelmallisin eilisist\u00e4 otoksista.<\/p>\n<p><img loading=\"lazy\" decoding=\"async\" src=\"https:\/\/jannemiettinen.fi\/wedding-blog\/blogi\/wp-content\/uploads\/2015\/05\/ed2DSC_4232.jpg\" class=\"pp-insert-all size-full aligncenter\" width=\"976\" height=\"656\" alt=\"h\u00e4\u00e4kuva sateella\" \/><\/p>\n<p>Edit: Viel\u00e4 yksi kuva auringonlaskun ajoilta samalta p\u00e4iv\u00e4lt\u00e4 t\u00e4h\u00e4n postaukseen&#8230;<\/p>\n<p><img loading=\"lazy\" decoding=\"async\" src=\"https:\/\/jannemiettinen.fi\/wedding-blog\/blogi\/wp-content\/uploads\/2015\/05\/edDSC_4329.jpg\" class=\"pp-insert-all size-full aligncenter\" width=\"976\" height=\"656\" alt=\"h\u00e4\u00e4kuva auringonlasku\" title=\"h\u00e4\u00e4kuva auringonlasku\" \/><\/p>\n","protected":false},"excerpt":{"rendered":"<p>Eilen vietettiin Emilian ja Jounin h\u00e4it\u00e4 H\u00e4meenkyl\u00e4ss\u00e4 Vantaalla. Iltap\u00e4iv\u00e4ll\u00e4 sattui tulemaan vett\u00e4 yhden sadekuuron verran, jonka aikana menimme ottamaan muutamat potretit juhlapaikan pihalle. Omasta mielest\u00e4ni t\u00e4m\u00e4 kuva, jossa h\u00e4\u00e4pari on<\/p>\n<p class=\"more-link\"><a href=\"https:\/\/jannemiettinen.fi\/wedding-blog\/blogi\/emilia-jouni\/\" class=\"readmore\">Continue reading<svg class=\"icon icon-arrow-right\" aria-hidden=\"true\" role=\"img\"> <use href=\"#icon-arrow-right\" xlink:href=\"#icon-arrow-right\"><\/use> <\/svg><span class=\"screen-reader-text\">Emilia &#038; Jouni<\/span><\/a><\/p>\n","protected":false},"author":1,"featured_media":0,"comment_status":"open","ping_status":"closed","sticky":false,"template":"","format":"standard","meta":{"footnotes":""},"categories":[3],"tags":[61,10,60,59],"class_list":["post-3753","post","type-post","status-publish","format-standard","hentry","category-haakuvat","tag-haakuva-sateella","tag-haakuvia","tag-hameenkyla","tag-vantaa"],"_links":{"self":[{"href":"https:\/\/jannemiettinen.fi\/wedding-blog\/blogi\/wp-json\/wp\/v2\/posts\/3753","targetHints":{"allow":["GET"]}}],"collection":[{"href":"https:\/\/jannemiettinen.fi\/wedding-blog\/blogi\/wp-json\/wp\/v2\/posts"}],"about":[{"href":"https:\/\/jannemiettinen.fi\/wedding-blog\/blogi\/wp-json\/wp\/v2\/types\/post"}],"author":[{"embeddable":true,"href":"https:\/\/jannemiettinen.fi\/wedding-blog\/blogi\/wp-json\/wp\/v2\/users\/1"}],"replies":[{"embeddable":true,"href":"https:\/\/jannemiettinen.fi\/wedding-blog\/blogi\/wp-json\/wp\/v2\/comments?post=3753"}],"version-history":[{"count":0,"href":"https:\/\/jannemiettinen.fi\/wedding-blog\/blogi\/wp-json\/wp\/v2\/posts\/3753\/revisions"}],"wp:attachment":[{"href":"https:\/\/jannemiettinen.fi\/wedding-blog\/blogi\/wp-json\/wp\/v2\/media?parent=3753"}],"wp:term":[{"taxonomy":"category","embeddable":true,"href":"https:\/\/jannemiettinen.fi\/wedding-blog\/blogi\/wp-json\/wp\/v2\/categories?post=3753"},{"taxonomy":"post_tag","embeddable":true,"href":"https:\/\/jannemiettinen.fi\/wedding-blog\/blogi\/wp-json\/wp\/v2\/tags?post=3753"}],"curies":[{"name":"wp","href":"https:\/\/api.w.org\/{rel}","templated":true}]}}