{"id":3766,"date":"2015-06-01T19:21:07","date_gmt":"2015-06-01T19:21:07","guid":{"rendered":"http:\/\/jannemiettinen.fi\/wedding-blog\/blogi\/?p=3766"},"modified":"2015-07-28T07:22:40","modified_gmt":"2015-07-28T07:22:40","slug":"sneak-peek-eerika-ilkka","status":"publish","type":"post","link":"https:\/\/jannemiettinen.fi\/wedding-blog\/blogi\/sneak-peek-eerika-ilkka\/","title":{"rendered":"Sneak peek: Eerika &#038; Ilkka"},"content":{"rendered":"<p>Elokuussa blogiin on tulossa juttu Eerikan ja Ilkan h\u00e4ist\u00e4. Alla on jo ennakkoon yksi kuva, jossa sulhanen ja bestmanit ovat valmistautumassa h\u00e4\u00e4p\u00e4iv\u00e4\u00e4n Katajanokalla h\u00e4\u00e4parin asunnolla.<\/p>\n<p><img loading=\"lazy\" decoding=\"async\" src=\"https:\/\/jannemiettinen.fi\/wedding-blog\/blogi\/wp-content\/uploads\/2015\/05\/ed2DSC_1039.jpg\" class=\"pp-insert-all size-full aligncenter\" width=\"976\" height=\"656\" alt=\"H\u00e4\u00e4kuvaaja Helsinki siluetti\" title=\"Siluetti\" \/><\/p>\n","protected":false},"excerpt":{"rendered":"<p>Elokuussa blogiin on tulossa juttu Eerikan ja Ilkan h\u00e4ist\u00e4. Alla on jo ennakkoon yksi kuva, jossa sulhanen ja bestmanit ovat valmistautumassa h\u00e4\u00e4p\u00e4iv\u00e4\u00e4n Katajanokalla h\u00e4\u00e4parin asunnolla.<\/p>\n","protected":false},"author":1,"featured_media":0,"comment_status":"open","ping_status":"closed","sticky":false,"template":"","format":"standard","meta":{"footnotes":""},"categories":[3],"tags":[10,14],"class_list":["post-3766","post","type-post","status-publish","format-standard","hentry","category-haakuvat","tag-haakuvia","tag-helsinki"],"_links":{"self":[{"href":"https:\/\/jannemiettinen.fi\/wedding-blog\/blogi\/wp-json\/wp\/v2\/posts\/3766","targetHints":{"allow":["GET"]}}],"collection":[{"href":"https:\/\/jannemiettinen.fi\/wedding-blog\/blogi\/wp-json\/wp\/v2\/posts"}],"about":[{"href":"https:\/\/jannemiettinen.fi\/wedding-blog\/blogi\/wp-json\/wp\/v2\/types\/post"}],"author":[{"embeddable":true,"href":"https:\/\/jannemiettinen.fi\/wedding-blog\/blogi\/wp-json\/wp\/v2\/users\/1"}],"replies":[{"embeddable":true,"href":"https:\/\/jannemiettinen.fi\/wedding-blog\/blogi\/wp-json\/wp\/v2\/comments?post=3766"}],"version-history":[{"count":0,"href":"https:\/\/jannemiettinen.fi\/wedding-blog\/blogi\/wp-json\/wp\/v2\/posts\/3766\/revisions"}],"wp:attachment":[{"href":"https:\/\/jannemiettinen.fi\/wedding-blog\/blogi\/wp-json\/wp\/v2\/media?parent=3766"}],"wp:term":[{"taxonomy":"category","embeddable":true,"href":"https:\/\/jannemiettinen.fi\/wedding-blog\/blogi\/wp-json\/wp\/v2\/categories?post=3766"},{"taxonomy":"post_tag","embeddable":true,"href":"https:\/\/jannemiettinen.fi\/wedding-blog\/blogi\/wp-json\/wp\/v2\/tags?post=3766"}],"curies":[{"name":"wp","href":"https:\/\/api.w.org\/{rel}","templated":true}]}}