{"id":4045,"date":"2016-07-13T15:03:24","date_gmt":"2016-07-13T15:03:24","guid":{"rendered":"http:\/\/jannemiettinen.fi\/wedding-blog\/blogi\/?p=4045"},"modified":"2017-04-11T14:59:28","modified_gmt":"2017-04-11T14:59:28","slug":"kihlakuvia-haat-lehdessa","status":"publish","type":"post","link":"https:\/\/jannemiettinen.fi\/wedding-blog\/blogi\/kihlakuvia-haat-lehdessa\/","title":{"rendered":"Kihlakuvia H\u00e4\u00e4t-lehdess\u00e4"},"content":{"rendered":"<p>Vuoden 2016 ensimm\u00e4isess\u00e4 H\u00e4\u00e4t-lehdess\u00e4 on artikkeli kihlakuvista sek\u00e4 ottamiani kuvia viime kes\u00e4n <a href=\"https:\/\/jannemiettinen.fi\/wedding-blog\/blogi\/kihlakuvat-lauttasaaressa-noora-sebastian\/\">kihlaparista Noorasta &#038; Sebastianista<\/a>. Annoin lehdelle kuvien lis\u00e4ksi lyhyen haastattelun kihlajaiskuvausten tiimoilta. Kannattaakin lukea koko artikkeli lehdest\u00e4, jos suunnittelee itselleen ja tulevalle puolisolleen kihlajaiskuvauksia.<\/p>\n<p><img loading=\"lazy\" decoding=\"async\" src=\"https:\/\/jannemiettinen.fi\/wedding-blog\/blogi\/wp-content\/uploads\/2016\/07\/DSCF9097.jpg\" class=\"pp-insert-all size-full aligncenter\" width=\"976\" height=\"656\" alt=\"H\u00e4\u00e4t-lehti\" \/><img loading=\"lazy\" decoding=\"async\" src=\"https:\/\/jannemiettinen.fi\/wedding-blog\/blogi\/wp-content\/uploads\/2016\/07\/DSCF9099.jpg\" class=\"pp-insert-all size-full aligncenter\" width=\"976\" height=\"656\" alt=\"Kihlakuvat artikkeli\" \/><img loading=\"lazy\" decoding=\"async\" src=\"https:\/\/jannemiettinen.fi\/wedding-blog\/blogi\/wp-content\/uploads\/2016\/07\/DSCF9106.jpg\" class=\"pp-insert-all size-full aligncenter\" width=\"976\" height=\"656\" alt=\"H\u00e4\u00e4kuvaajan haastattelu\" \/><\/p>\n","protected":false},"excerpt":{"rendered":"<p>Vuoden 2016 ensimm\u00e4isess\u00e4 H\u00e4\u00e4t-lehdess\u00e4 on artikkeli kihlakuvista sek\u00e4 ottamiani kuvia viime kes\u00e4n kihlaparista Noorasta &#038; Sebastianista. Annoin lehdelle kuvien lis\u00e4ksi lyhyen haastattelun kihlajaiskuvausten tiimoilta. Kannattaakin lukea koko artikkeli lehdest\u00e4, jos<\/p>\n<p class=\"more-link\"><a href=\"https:\/\/jannemiettinen.fi\/wedding-blog\/blogi\/kihlakuvia-haat-lehdessa\/\" class=\"readmore\">Continue reading<svg class=\"icon icon-arrow-right\" aria-hidden=\"true\" role=\"img\"> <use href=\"#icon-arrow-right\" xlink:href=\"#icon-arrow-right\"><\/use> <\/svg><span class=\"screen-reader-text\">Kihlakuvia H\u00e4\u00e4t-lehdess\u00e4<\/span><\/a><\/p>\n","protected":false},"author":1,"featured_media":0,"comment_status":"open","ping_status":"closed","sticky":false,"template":"","format":"standard","meta":{"footnotes":""},"categories":[3],"tags":[9,10,14],"class_list":["post-4045","post","type-post","status-publish","format-standard","hentry","category-haakuvat","tag-haaartikkeli","tag-haakuvia","tag-helsinki"],"_links":{"self":[{"href":"https:\/\/jannemiettinen.fi\/wedding-blog\/blogi\/wp-json\/wp\/v2\/posts\/4045","targetHints":{"allow":["GET"]}}],"collection":[{"href":"https:\/\/jannemiettinen.fi\/wedding-blog\/blogi\/wp-json\/wp\/v2\/posts"}],"about":[{"href":"https:\/\/jannemiettinen.fi\/wedding-blog\/blogi\/wp-json\/wp\/v2\/types\/post"}],"author":[{"embeddable":true,"href":"https:\/\/jannemiettinen.fi\/wedding-blog\/blogi\/wp-json\/wp\/v2\/users\/1"}],"replies":[{"embeddable":true,"href":"https:\/\/jannemiettinen.fi\/wedding-blog\/blogi\/wp-json\/wp\/v2\/comments?post=4045"}],"version-history":[{"count":0,"href":"https:\/\/jannemiettinen.fi\/wedding-blog\/blogi\/wp-json\/wp\/v2\/posts\/4045\/revisions"}],"wp:attachment":[{"href":"https:\/\/jannemiettinen.fi\/wedding-blog\/blogi\/wp-json\/wp\/v2\/media?parent=4045"}],"wp:term":[{"taxonomy":"category","embeddable":true,"href":"https:\/\/jannemiettinen.fi\/wedding-blog\/blogi\/wp-json\/wp\/v2\/categories?post=4045"},{"taxonomy":"post_tag","embeddable":true,"href":"https:\/\/jannemiettinen.fi\/wedding-blog\/blogi\/wp-json\/wp\/v2\/tags?post=4045"}],"curies":[{"name":"wp","href":"https:\/\/api.w.org\/{rel}","templated":true}]}}